{"id":645,"date":"2021-09-16T11:20:42","date_gmt":"2021-09-16T09:20:42","guid":{"rendered":"https:\/\/xn--drk-twi-e1a.de\/?p=645"},"modified":"2021-09-16T11:20:42","modified_gmt":"2021-09-16T09:20:42","slug":"abloesung-fuer-den-rettungsdienst-bei-dachstuhlbrand","status":"publish","type":"post","link":"https:\/\/xn--drk-twi-e1a.de\/?p=645","title":{"rendered":"Abl\u00f6sung f\u00fcr den Rettungsdienst bei Dachstuhlbrand"},"content":{"rendered":"\n<p><strong>Datum\/Zeit:<\/strong>\u00a015.09.2021, 18:54 Uhr<\/p>\n\n\n\n<p><strong>Alarmierte Einheiten:<\/strong>\u00a0ORGL RD NF, Rettungsdienst Nordfriesland, DRK T\u00f6nning\/Witzwort, <\/p>\n\n\n\n<p><strong>Alarmierungsstufe:<\/strong>\u00a0FEU 3<\/p>\n\n\n\n<p><strong>Meldung:<\/strong>\u00a0FEU 3, KTW zur Einsatzstelle (Abl\u00f6sung Rettungsdienst)<\/p>\n\n\n\n<p><strong>Lage vor Ort\/Ma\u00dfnahmen:\u00a0<\/strong>Am Mittwochabend kam es zu einem Dachstuhlbrand in einem Haus in Hude. Da nicht abzusehen war wie lange die L\u00f6scharbeiten dauern werden, forderte uns der ORGL des Rettungsdienst NF zur Abl\u00f6sung des eingesetzten RTWs nach. Wir \u00fcbernahmen daraufhin die Sanit\u00e4tsdienstliche Absicherung der Einsatzkr\u00e4fte, so dass der Rettungsdienst wieder f\u00fcr andere Eins\u00e4tze zur Verf\u00fcgung stand.<\/p>\n\n\n\n<p><strong>Einsatzende:<\/strong>\u00a022:56 Uhr<\/p>\n\n\n\n<div class=\"wp-block-jetpack-slideshow aligncenter\" data-effect=\"slide\"><div class=\"wp-block-jetpack-slideshow_container swiper-container\"><ul class=\"wp-block-jetpack-slideshow_swiper-wrapper swiper-wrapper\"><li class=\"wp-block-jetpack-slideshow_slide swiper-slide\"><figure><img loading=\"lazy\" decoding=\"async\" width=\"768\" height=\"1024\" alt=\"\" class=\"wp-block-jetpack-slideshow_image wp-image-646\" data-id=\"646\" src=\"https:\/\/xn--drk-twi-e1a.de\/wp-content\/uploads\/2021\/09\/20210809_201120-768x1024.jpg\" srcset=\"https:\/\/xn--drk-twi-e1a.de\/wp-content\/uploads\/2021\/09\/20210809_201120-768x1024.jpg 768w, https:\/\/xn--drk-twi-e1a.de\/wp-content\/uploads\/2021\/09\/20210809_201120-225x300.jpg 225w, https:\/\/xn--drk-twi-e1a.de\/wp-content\/uploads\/2021\/09\/20210809_201120-1152x1536.jpg 1152w, https:\/\/xn--drk-twi-e1a.de\/wp-content\/uploads\/2021\/09\/20210809_201120-1536x2048.jpg 1536w, https:\/\/xn--drk-twi-e1a.de\/wp-content\/uploads\/2021\/09\/20210809_201120-scaled.jpg 1920w\" sizes=\"auto, (max-width: 768px) 100vw, 768px\" \/><\/figure><\/li><\/ul><a class=\"wp-block-jetpack-slideshow_button-prev swiper-button-prev swiper-button-white\" role=\"button\"><\/a><a class=\"wp-block-jetpack-slideshow_button-next swiper-button-next swiper-button-white\" role=\"button\"><\/a><a aria-label=\"Pause Slideshow\" class=\"wp-block-jetpack-slideshow_button-pause\" role=\"button\"><\/a><div class=\"wp-block-jetpack-slideshow_pagination swiper-pagination swiper-pagination-white\"><\/div><\/div><\/div>\n","protected":false},"excerpt":{"rendered":"<p>Datum\/Zeit:\u00a015.09.2021, 18:54 Uhr Alarmierte Einheiten:\u00a0ORGL RD NF, Rettungsdienst Nordfriesland, DRK T\u00f6nning\/Witzwort, Alarmierungsstufe:\u00a0FEU 3 Meldung:\u00a0FEU 3, KTW zur Einsatzstelle (Abl\u00f6sung Rettungsdienst) Lage vor Ort\/Ma\u00dfnahmen:\u00a0Am Mittwochabend kam es zu einem Dachstuhlbrand in einem Haus in Hude. Da nicht abzusehen war wie lange die L\u00f6scharbeiten dauern werden, forderte uns der ORGL des Rettungsdienst NF zur Abl\u00f6sung des eingesetzten [&hellip;]<\/p>\n","protected":false},"author":1,"featured_media":0,"comment_status":"closed","ping_status":"closed","sticky":false,"template":"","format":"standard","meta":{"ngg_post_thumbnail":0,"jetpack_post_was_ever_published":false,"_jetpack_newsletter_access":"","_jetpack_dont_email_post_to_subs":false,"_jetpack_newsletter_tier_id":0,"_jetpack_memberships_contains_paywalled_content":false,"_jetpack_memberships_contains_paid_content":false,"footnotes":"","jetpack_publicize_message":"","jetpack_publicize_feature_enabled":true,"jetpack_social_post_already_shared":true,"jetpack_social_options":{"image_generator_settings":{"template":"highway","default_image_id":0,"enabled":false},"version":2}},"categories":[1],"tags":[20,19],"class_list":["post-645","post","type-post","status-publish","format-standard","hentry","category-news","tag-dachstuhlbrand","tag-einsatz"],"jetpack_publicize_connections":[],"jetpack_featured_media_url":"","jetpack_sharing_enabled":true,"jetpack_shortlink":"https:\/\/wp.me\/p7Ojiy-ap","_links":{"self":[{"href":"https:\/\/xn--drk-twi-e1a.de\/index.php?rest_route=\/wp\/v2\/posts\/645","targetHints":{"allow":["GET"]}}],"collection":[{"href":"https:\/\/xn--drk-twi-e1a.de\/index.php?rest_route=\/wp\/v2\/posts"}],"about":[{"href":"https:\/\/xn--drk-twi-e1a.de\/index.php?rest_route=\/wp\/v2\/types\/post"}],"author":[{"embeddable":true,"href":"https:\/\/xn--drk-twi-e1a.de\/index.php?rest_route=\/wp\/v2\/users\/1"}],"replies":[{"embeddable":true,"href":"https:\/\/xn--drk-twi-e1a.de\/index.php?rest_route=%2Fwp%2Fv2%2Fcomments&post=645"}],"version-history":[{"count":1,"href":"https:\/\/xn--drk-twi-e1a.de\/index.php?rest_route=\/wp\/v2\/posts\/645\/revisions"}],"predecessor-version":[{"id":647,"href":"https:\/\/xn--drk-twi-e1a.de\/index.php?rest_route=\/wp\/v2\/posts\/645\/revisions\/647"}],"wp:attachment":[{"href":"https:\/\/xn--drk-twi-e1a.de\/index.php?rest_route=%2Fwp%2Fv2%2Fmedia&parent=645"}],"wp:term":[{"taxonomy":"category","embeddable":true,"href":"https:\/\/xn--drk-twi-e1a.de\/index.php?rest_route=%2Fwp%2Fv2%2Fcategories&post=645"},{"taxonomy":"post_tag","embeddable":true,"href":"https:\/\/xn--drk-twi-e1a.de\/index.php?rest_route=%2Fwp%2Fv2%2Ftags&post=645"}],"curies":[{"name":"wp","href":"https:\/\/api.w.org\/{rel}","templated":true}]}}