{"id":717,"date":"2023-02-28T20:39:46","date_gmt":"2023-02-28T18:39:46","guid":{"rendered":"https:\/\/xn--drk-twi-e1a.de\/?p=717"},"modified":"2023-02-28T20:39:46","modified_gmt":"2023-02-28T18:39:46","slug":"jahreshauptversammlung-der-bereitschaft","status":"publish","type":"post","link":"https:\/\/xn--drk-twi-e1a.de\/?p=717","title":{"rendered":"Jahreshauptversammlung der Bereitschaft"},"content":{"rendered":"\n<p>Am 13.02.2023, war es wieder soweit. Die aktive DRK Bereitschaft mit der 2.Sanit\u00e4tsgruppe und der 2.Betreuungsgruppe hatten ihre Jahreshauptversammlung. <\/p>\n\n\n\n<p>Bereitschaftsleiter Tom Heider, er\u00f6ffnete die Jahreshauptversammlung um 20:03 Uhr mit einer Begr\u00fc\u00dfung der Helfer und ging nach danach direkt zu Tagesordnungspunkt Zwei &#8222;Bericht \u00fcber das Jahr 2022 der Bereitschaft&#8220; \u00fcber. <br>Einen gro\u00dfen Dank richtet Tom dabei an alle Mitgliedern f\u00fcr ihre Arbeit. Diese haben im vergangene Jahr 2100 Stunden geleistet in denen viele weitere freiwillige Stunden gar nicht eingerechnet sind. Es wurden 48 Sanit\u00e4tsdienste absolviert, 24 Dienstabende durchgef\u00fchrt und diverse Fortbildungen besucht. Diese Leistung ist nicht selbstverst\u00e4ndlich und zeigt die &#8222;Liebe&#8220; der Mitglieder zu unserem Ehrenamt. <\/p>\n\n\n\n<p>Im dritten Tagespunkt berichteten die Gruppenf\u00fchrer der Sanit\u00e4tsgruppe und Betreuungsgruppe \u00fcber verschiedenes was im Jahr 2022 passiert ist. Unter anderem wurde ein neuer Feldkoch f\u00fcr die Betreuungsgruppe ausgebildet. Auch von dem Einsatz in der Fl\u00fcchtlingsunterkunft Messehalle Husum Anfang das Jahres 2022 wurde berichtet. Beide Gruppenf\u00fchrer bedankten sich nochmals f\u00fcr den unerm\u00fcdlichen Einsatz der Helfer in dieser Einsatzlage. <\/p>\n\n\n\n<p>Der vierte Tagespunkt wurde von Christian Bradl \u00fcbernommen, den es stand die Wahl der Bereitschaftsleitung an.  <br><br>Als Bereitschaftsleiter wieder gew\u00e4hlt wurde Tom Heider<br>Als stellv. Bereitschaftsleiter wieder gew\u00e4hlt wurde Markus Schmieta<br>und neu in der Bereitschaftsleitung wurde als stellv. Bereitschaftsleiterin Anja Hiltmann gew\u00e4hlt. Wir freuen uns auf die Zusammenarbeit und den frischen Wind.<br><br>Aus der Bereitschaftsleitung ausgeschieden sind Lars Garreis und Irmgard Johns. Beiden danken wir f\u00fcr ihr unerm\u00fcdliches Engagement und die Jahrelange Arbeit in der Bereitschaftsleitung. Insbesondere aber Irmgard Johns welche nach all den vielen Jahren als Bereitschaftsleiterin nun in den wohlverdienten Leitungsruhestand geht. Wir hoffen das Sie uns noch lange als Mitglied mit Rat und Tat zur Seite steht. <\/p>\n\n\n\n<p>Im letzen Tagespunkt gab es noch einen Ausblick auf das kommende Jahr 2023. Um 21:13 wurde die Jahreshauptversammlung der Bereitschaft durch Tom Heider beendet. <\/p>\n\n\n\n<p><\/p>\n","protected":false},"excerpt":{"rendered":"<p>Am 13.02.2023, war es wieder soweit. Die aktive DRK Bereitschaft mit der 2.Sanit\u00e4tsgruppe und der 2.Betreuungsgruppe hatten ihre Jahreshauptversammlung. Bereitschaftsleiter Tom Heider, er\u00f6ffnete die Jahreshauptversammlung um 20:03 Uhr mit einer Begr\u00fc\u00dfung der Helfer und ging nach danach direkt zu Tagesordnungspunkt Zwei &#8222;Bericht \u00fcber das Jahr 2022 der Bereitschaft&#8220; \u00fcber. Einen gro\u00dfen Dank richtet Tom dabei [&hellip;]<\/p>\n","protected":false},"author":1,"featured_media":0,"comment_status":"closed","ping_status":"closed","sticky":false,"template":"","format":"standard","meta":{"ngg_post_thumbnail":0,"jetpack_post_was_ever_published":false,"_jetpack_newsletter_access":"","_jetpack_dont_email_post_to_subs":false,"_jetpack_newsletter_tier_id":0,"_jetpack_memberships_contains_paywalled_content":false,"_jetpack_memberships_contains_paid_content":false,"footnotes":"","jetpack_publicize_message":"","jetpack_publicize_feature_enabled":true,"jetpack_social_post_already_shared":true,"jetpack_social_options":{"image_generator_settings":{"template":"highway","default_image_id":0,"enabled":false},"version":2}},"categories":[1],"tags":[],"class_list":["post-717","post","type-post","status-publish","format-standard","hentry","category-news"],"jetpack_publicize_connections":[],"jetpack_featured_media_url":"","jetpack_sharing_enabled":true,"jetpack_shortlink":"https:\/\/wp.me\/p7Ojiy-bz","_links":{"self":[{"href":"https:\/\/xn--drk-twi-e1a.de\/index.php?rest_route=\/wp\/v2\/posts\/717","targetHints":{"allow":["GET"]}}],"collection":[{"href":"https:\/\/xn--drk-twi-e1a.de\/index.php?rest_route=\/wp\/v2\/posts"}],"about":[{"href":"https:\/\/xn--drk-twi-e1a.de\/index.php?rest_route=\/wp\/v2\/types\/post"}],"author":[{"embeddable":true,"href":"https:\/\/xn--drk-twi-e1a.de\/index.php?rest_route=\/wp\/v2\/users\/1"}],"replies":[{"embeddable":true,"href":"https:\/\/xn--drk-twi-e1a.de\/index.php?rest_route=%2Fwp%2Fv2%2Fcomments&post=717"}],"version-history":[{"count":2,"href":"https:\/\/xn--drk-twi-e1a.de\/index.php?rest_route=\/wp\/v2\/posts\/717\/revisions"}],"predecessor-version":[{"id":722,"href":"https:\/\/xn--drk-twi-e1a.de\/index.php?rest_route=\/wp\/v2\/posts\/717\/revisions\/722"}],"wp:attachment":[{"href":"https:\/\/xn--drk-twi-e1a.de\/index.php?rest_route=%2Fwp%2Fv2%2Fmedia&parent=717"}],"wp:term":[{"taxonomy":"category","embeddable":true,"href":"https:\/\/xn--drk-twi-e1a.de\/index.php?rest_route=%2Fwp%2Fv2%2Fcategories&post=717"},{"taxonomy":"post_tag","embeddable":true,"href":"https:\/\/xn--drk-twi-e1a.de\/index.php?rest_route=%2Fwp%2Fv2%2Ftags&post=717"}],"curies":[{"name":"wp","href":"https:\/\/api.w.org\/{rel}","templated":true}]}}